{"id":753,"date":"2019-04-05T15:06:44","date_gmt":"2019-04-05T12:06:44","guid":{"rendered":"https:\/\/www.verdon.ro\/blog\/?p=753"},"modified":"2024-11-28T14:34:51","modified_gmt":"2024-11-28T12:34:51","slug":"verdon-prezent-la-actiunea-de-impadurire-sibiul-planteaza","status":"publish","type":"post","link":"https:\/\/www.verdon.ro\/blog\/verdon-prezent-la-actiunea-de-impadurire-sibiul-planteaza\/","title":{"rendered":"Verdon, prezent la ac\u021biunea de \u00eemp\u0103durire \u201cSibiul Planteaz\u0103\u201d"},"content":{"rendered":"<p>Anul acesta, la sf\u00e2r\u0219itul lui martie, Verdon s-a implicat \u00een ac\u021biunea de \u00eemp\u0103durire <a href=\"https:\/\/www.facebook.com\/Sibiul-Planteaza-2056995294516812\/\" target=\"_blank\" rel=\"noopener\"><strong>\u201cSibiul Planteaz\u0103\u201d<\/strong><\/a>, al\u0103turi de al\u021bi 450 voluntari care au adus o contribu\u021bie semnificativ\u0103 habitatelor naturale ale p\u0103durii la nivel local.<\/p>\n<p>\u201cSibiul Planteaz\u0103\u201d este o campanie ini\u021biat\u0103 de Green Smart Electric SRL \u00een colaborare cu Atelier MI Concept-Design, av\u00e2nd ca parteneri institu\u021bionali Ocolul Silvic Sibiu \u0219i Direc\u021bia Silvic\u0103 Sibiu. Evenimentul a durat o zi \u0219i s-au plantat 12 000 puie\u021bi forestieri de paltin \u0219i gorun \u00een zona Gu\u0219teri\u021ba.<\/p>\n<p>Verdon \u00een\u021belege valoarea plant\u0103rii copacilor ca o activitate ecologic\u0103 cheie. Angajamentele companiei sunt concentrate acolo unde exist\u0103 posibilitatea de-a face diferen\u021ba: \u00eemp\u0103durirea. Contribu\u021bia la protejarea p\u0103durilor este o component\u0103 important\u0103 a afacerii.<\/p>\n<p>\u00cen fiecare zi, activitatea uman\u0103 are un impact asupra mediului, cauzat\u0103 at\u00e2t de rutina zilnic\u0103 a fiec\u0103ruia, c\u00e2t \u0219i de efectele sistemului de produc\u021bie. Din cauza ritmului rapid al vie\u021bii, oamenii pur \u0219i simplu nu au timp \u0219i sunt obliga\u021bi \u00een permanen\u021b\u0103 s\u0103-\u0219i schimbe obiceiurile, ceea ce genereaz\u0103 rezisten\u021b\u0103.<\/p>\n<p>Prin intermediul acestui parteneriat, compania g\u0103se\u0219te \u0219i o modalitate de-a ajunge la aceast\u0103 audien\u021b\u0103 adult\u0103, care, prin intermediul activit\u0103\u021bilor de \u00eemp\u0103durire, este educat\u0103 \u00een ceea ce prive\u0219te respectarea mediului \u00eenconjur\u0103tor. Astfel, prin implicarea angaja\u021bilor g\u0103sim o cale s\u0103-i conect\u0103m cu natura \u0219i bine\u00een\u021beles, s\u0103 aib\u0103 o zi distrativ\u0103 cu un real impact pozitiv. Mihaela Stanciu, asistent manager Verdon Solution,\u00a0 ne m\u0103rturise\u0219te: \u201cA fost o s\u00e2mb\u0103t\u0103 plin\u0103 de energie pe care am petrecut-o al\u0103turi de echipa Verdon \u00een afara \u201eoffice-ului\u201d. A fost prima mea activitate de plantat puie\u021bi la care am participat, am socializat \u0219i m-am \u00eenc\u0103rcat cu energie pozitiv\u0103.\u201d<\/p>\n<h5><span style=\"font-size: 14pt;\"><strong>Verdon \u2013 <\/strong><strong>\u00eemparte cu tine<\/strong><\/span><\/h5>\n<hr \/>\n<p>Un magazin online verde \u0219i simplu care se adreseaz\u0103 agricultorilor profesioni\u0219ti sau amatori, gospodarilor \u00een general, forestierilor \u0219i plimb\u0103re\u021bilor \u00een natur\u0103.<\/p>\n<p>Prin rolul activ pe care \u00eel are \u00een societate \u00ee\u0219i propune sensibilizarea publicului \u00een mod eficient cu privire la protec\u021bia p\u0103durilor \u0219i influen\u021barea altor \u00eentreprinderi s\u0103-i urmeze exemplul.<\/p>\n<p>Compania este adesea angajat\u0103 \u00een proiecte valoroase \u0219i durabile, plantarea copacilor fiind o modalitate foarte bun\u0103 de a atrage aten\u021bia asupra prerogativelor ecologice &#8211; o s\u0103rb\u0103toare pentru acum \u0219i o mo\u0219tenire pentru genera\u021biile viitoare.<\/p>\n<p>Ini\u021biativa de responsabilitate social\u0103 pentru \u00eemp\u0103durire a pornit acum 4 ani, prin proiectul <strong><a href=\"https:\/\/www.verdon.ro\/blog\/pe-14-noiembrie-plantam-fapte-bune-in-romania\/\" target=\"_blank\" rel=\"noopener\">\u201cPlant\u0103m fapte bune \u00een Rom\u00e2nia\u201d<\/a><\/strong>, o mobilizare civic\u0103 na\u021bional\u0103 prin care s-au plantat simultan 1.000.000 de copacei pe terenuri agricole degradate.<\/p>\n<p>Aceste ac\u021biuni fac parte din strategia de responsabilitate \u00een materie de mediu, \u00een conformitate cu politicile companiei privind sustenabilitatea.<\/p>\n<h5><span style=\"font-size: 14pt;\"><strong>Evenimentul Sibiul Planteaz\u0103<\/strong><\/span><\/h5>\n<hr \/>\n<p>Aflat la a 2-a edi\u021bie, Sibiul Planteaz\u0103 \u00ee\u0219i propune s\u0103 creeze evenimente anuale de \u00eemp\u0103durire \u00een zona Sibiului. \u00cen plus, este o ac\u021biune educa\u021bional\u0103, care se adrezeaz\u0103 institu\u021biilor de \u00eenv\u0103\u021b\u0103m\u00e2nt, dar \u0219i organiza\u021biile non-guvernamentale, inspir\u00e2nd copiii s\u0103 se implice \u0219i s\u0103 protejeze mediul \u00eenconjur\u0103tor.<\/p>\n<p>Dac\u0103 anul trecut au participat 300 de voluntari, evenimentul din 2019 a reunit aproximativ 450 de iubitori ai naturii, al\u0103tur\u00e2ndu-se unei ac\u021biuni curajoase de responsabilizare social\u0103. La final participan\u021bii primesc certificate verzi \u0219i medalii de recunoa\u0219tere a implic\u0103rii \u00een ini\u021biative care conteaz\u0103 pentru mediu.<\/p>\n<div id='gallery-1' class='gallery galleryid-753 gallery-columns-3 gallery-size-full'><figure class='gallery-item'>\n\t\t\t<div class='gallery-icon landscape'>\n\t\t\t\t<a href='https:\/\/www.verdon.ro\/blog\/verdon-prezent-la-actiunea-de-impadurire-sibiul-planteaza\/sibiul-planteaza-2\/'><img fetchpriority=\"high\" decoding=\"async\" width=\"2048\" height=\"1365\" src=\"https:\/\/www.verdon.ro\/blog\/wp-content\/uploads\/2019\/04\/sibiul-planteaza-2.jpg\" class=\"attachment-full size-full\" alt=\"Ac\u021biune de \u00eemp\u0103durire\" srcset=\"https:\/\/www.verdon.ro\/blog\/wp-content\/uploads\/2019\/04\/sibiul-planteaza-2.jpg 2048w, https:\/\/www.verdon.ro\/blog\/wp-content\/uploads\/2019\/04\/sibiul-planteaza-2-300x200.jpg 300w, https:\/\/www.verdon.ro\/blog\/wp-content\/uploads\/2019\/04\/sibiul-planteaza-2-768x512.jpg 768w, https:\/\/www.verdon.ro\/blog\/wp-content\/uploads\/2019\/04\/sibiul-planteaza-2-1024x683.jpg 1024w\" sizes=\"(max-width: 2048px) 100vw, 2048px\" \/><\/a>\n\t\t\t<\/div><\/figure><figure class='gallery-item'>\n\t\t\t<div class='gallery-icon landscape'>\n\t\t\t\t<a href='https:\/\/www.verdon.ro\/blog\/verdon-prezent-la-actiunea-de-impadurire-sibiul-planteaza\/sibiul-planteaza-3\/'><img decoding=\"async\" width=\"2048\" height=\"1365\" src=\"https:\/\/www.verdon.ro\/blog\/wp-content\/uploads\/2019\/04\/sibiul-planteaza-3.jpg\" class=\"attachment-full size-full\" alt=\"Sibiul planteaz\u0103\" srcset=\"https:\/\/www.verdon.ro\/blog\/wp-content\/uploads\/2019\/04\/sibiul-planteaza-3.jpg 2048w, https:\/\/www.verdon.ro\/blog\/wp-content\/uploads\/2019\/04\/sibiul-planteaza-3-300x200.jpg 300w, https:\/\/www.verdon.ro\/blog\/wp-content\/uploads\/2019\/04\/sibiul-planteaza-3-768x512.jpg 768w, https:\/\/www.verdon.ro\/blog\/wp-content\/uploads\/2019\/04\/sibiul-planteaza-3-1024x683.jpg 1024w\" sizes=\"(max-width: 2048px) 100vw, 2048px\" \/><\/a>\n\t\t\t<\/div><\/figure><figure class='gallery-item'>\n\t\t\t<div class='gallery-icon landscape'>\n\t\t\t\t<a href='https:\/\/www.verdon.ro\/blog\/verdon-prezent-la-actiunea-de-impadurire-sibiul-planteaza\/sibiul-planteaza-4\/'><img decoding=\"async\" width=\"2048\" height=\"1365\" src=\"https:\/\/www.verdon.ro\/blog\/wp-content\/uploads\/2019\/04\/sibiul-planteaza-4.jpg\" class=\"attachment-full size-full\" alt=\"\" srcset=\"https:\/\/www.verdon.ro\/blog\/wp-content\/uploads\/2019\/04\/sibiul-planteaza-4.jpg 2048w, https:\/\/www.verdon.ro\/blog\/wp-content\/uploads\/2019\/04\/sibiul-planteaza-4-300x200.jpg 300w, https:\/\/www.verdon.ro\/blog\/wp-content\/uploads\/2019\/04\/sibiul-planteaza-4-768x512.jpg 768w, https:\/\/www.verdon.ro\/blog\/wp-content\/uploads\/2019\/04\/sibiul-planteaza-4-1024x683.jpg 1024w\" sizes=\"(max-width: 2048px) 100vw, 2048px\" \/><\/a>\n\t\t\t<\/div><\/figure>\n\t\t<\/div>\n\n","protected":false},"excerpt":{"rendered":"<p>Anul acesta, la sf\u00e2r\u0219itul lui martie, Verdon s-a implicat \u00een ac\u021biunea de \u00eemp\u0103durire \u201cSibiul Planteaz\u0103\u201d, al\u0103turi de al\u021bi 450 voluntari care au adus o contribu\u021bie semnificativ\u0103 habitatelor naturale ale p\u0103durii la nivel local. \u201cSibiul Planteaz\u0103\u201d este o campanie ini\u021biat\u0103 de Green Smart Electric SRL \u00een colaborare cu Atelier MI Concept-Design, av\u00e2nd ca parteneri institu\u021bionali Ocolul [&hellip;]<\/p>\n","protected":false},"author":1,"featured_media":754,"comment_status":"open","ping_status":"open","sticky":false,"template":"","format":"standard","meta":{"footnotes":""},"categories":[1],"tags":[106,156,155,107],"class_list":["post-753","post","type-post","status-publish","format-standard","has-post-thumbnail","hentry","category-general","tag-impadurire","tag-plantare-copaci","tag-sibiul-planteaza","tag-voluntariat"],"yoast_head":"<!-- This site is optimized with the Yoast SEO Premium plugin v25.8 (Yoast SEO v25.8) - https:\/\/yoast.com\/wordpress\/plugins\/seo\/ -->\n<title>Verdon, prezent la ac\u021biunea de \u00eemp\u0103durire \u201cSibiul Planteaz\u0103\u201d - verdon.ro blog<\/title>\n<meta name=\"description\" content=\"Verdon a participat la ac\u021biunea de \u00eemp\u0103durire \u201eSibiul Planteaz\u0103\u201d. Descoper\u0103 cum sus\u021binem ini\u021biativele ecologice \u0219i implicarea comunitar\u0103 pentru un viitor verde!\" \/>\n<meta name=\"robots\" content=\"index, follow, max-snippet:-1, max-image-preview:large, max-video-preview:-1\" \/>\n<link rel=\"canonical\" href=\"https:\/\/www.verdon.ro\/blog\/verdon-prezent-la-actiunea-de-impadurire-sibiul-planteaza\/\" \/>\n<meta property=\"og:locale\" content=\"ro_RO\" \/>\n<meta property=\"og:type\" content=\"article\" \/>\n<meta property=\"og:title\" content=\"Verdon, prezent la ac\u021biunea de \u00eemp\u0103durire \u201cSibiul Planteaz\u0103\u201d\" \/>\n<meta property=\"og:description\" content=\"Verdon a participat la ac\u021biunea de \u00eemp\u0103durire \u201eSibiul Planteaz\u0103\u201d. Descoper\u0103 cum sus\u021binem ini\u021biativele ecologice \u0219i implicarea comunitar\u0103 pentru un viitor verde!\" \/>\n<meta property=\"og:url\" content=\"https:\/\/www.verdon.ro\/blog\/verdon-prezent-la-actiunea-de-impadurire-sibiul-planteaza\/\" \/>\n<meta property=\"og:site_name\" content=\"verdon.ro blog\" \/>\n<meta property=\"article:publisher\" content=\"https:\/\/www.facebook.com\/verdon.ro\" \/>\n<meta property=\"article:published_time\" content=\"2019-04-05T12:06:44+00:00\" \/>\n<meta property=\"article:modified_time\" content=\"2024-11-28T12:34:51+00:00\" \/>\n<meta property=\"og:image\" content=\"https:\/\/www.verdon.ro\/blog\/wp-content\/uploads\/2019\/04\/sibiul-planteaza-1.jpg\" \/>\n\t<meta property=\"og:image:width\" content=\"2048\" \/>\n\t<meta property=\"og:image:height\" content=\"1365\" \/>\n\t<meta property=\"og:image:type\" content=\"image\/jpeg\" \/>\n<meta name=\"author\" content=\"Verdon\" \/>\n<meta name=\"twitter:card\" content=\"summary_large_image\" \/>\n<meta name=\"twitter:label1\" content=\"Scris de\" \/>\n\t<meta name=\"twitter:data1\" content=\"Verdon\" \/>\n\t<meta name=\"twitter:label2\" content=\"Timp estimat pentru citire\" \/>\n\t<meta name=\"twitter:data2\" content=\"3 minute\" \/>\n<script type=\"application\/ld+json\" class=\"yoast-schema-graph\">{\"@context\":\"https:\/\/schema.org\",\"@graph\":[{\"@type\":\"Article\",\"@id\":\"https:\/\/www.verdon.ro\/blog\/verdon-prezent-la-actiunea-de-impadurire-sibiul-planteaza\/#article\",\"isPartOf\":{\"@id\":\"https:\/\/www.verdon.ro\/blog\/verdon-prezent-la-actiunea-de-impadurire-sibiul-planteaza\/\"},\"author\":{\"name\":\"Verdon\",\"@id\":\"https:\/\/www.verdon.ro\/blog\/#\/schema\/person\/10ded2b004fbb32d6ba84fb083389759\"},\"headline\":\"Verdon, prezent la ac\u021biunea de \u00eemp\u0103durire \u201cSibiul Planteaz\u0103\u201d\",\"datePublished\":\"2019-04-05T12:06:44+00:00\",\"dateModified\":\"2024-11-28T12:34:51+00:00\",\"mainEntityOfPage\":{\"@id\":\"https:\/\/www.verdon.ro\/blog\/verdon-prezent-la-actiunea-de-impadurire-sibiul-planteaza\/\"},\"wordCount\":580,\"commentCount\":0,\"publisher\":{\"@id\":\"https:\/\/www.verdon.ro\/blog\/#organization\"},\"image\":{\"@id\":\"https:\/\/www.verdon.ro\/blog\/verdon-prezent-la-actiunea-de-impadurire-sibiul-planteaza\/#primaryimage\"},\"thumbnailUrl\":\"https:\/\/www.verdon.ro\/blog\/wp-content\/uploads\/2019\/04\/sibiul-planteaza-1.jpg\",\"keywords\":[\"impadurire\",\"plantare copaci\",\"sibiul planteaz\u0103\",\"voluntariat\"],\"articleSection\":[\"General\"],\"inLanguage\":\"ro-RO\",\"potentialAction\":[{\"@type\":\"CommentAction\",\"name\":\"Comment\",\"target\":[\"https:\/\/www.verdon.ro\/blog\/verdon-prezent-la-actiunea-de-impadurire-sibiul-planteaza\/#respond\"]}]},{\"@type\":\"WebPage\",\"@id\":\"https:\/\/www.verdon.ro\/blog\/verdon-prezent-la-actiunea-de-impadurire-sibiul-planteaza\/\",\"url\":\"https:\/\/www.verdon.ro\/blog\/verdon-prezent-la-actiunea-de-impadurire-sibiul-planteaza\/\",\"name\":\"Verdon, prezent la ac\u021biunea de \u00eemp\u0103durire \u201cSibiul Planteaz\u0103\u201d - verdon.ro blog\",\"isPartOf\":{\"@id\":\"https:\/\/www.verdon.ro\/blog\/#website\"},\"primaryImageOfPage\":{\"@id\":\"https:\/\/www.verdon.ro\/blog\/verdon-prezent-la-actiunea-de-impadurire-sibiul-planteaza\/#primaryimage\"},\"image\":{\"@id\":\"https:\/\/www.verdon.ro\/blog\/verdon-prezent-la-actiunea-de-impadurire-sibiul-planteaza\/#primaryimage\"},\"thumbnailUrl\":\"https:\/\/www.verdon.ro\/blog\/wp-content\/uploads\/2019\/04\/sibiul-planteaza-1.jpg\",\"datePublished\":\"2019-04-05T12:06:44+00:00\",\"dateModified\":\"2024-11-28T12:34:51+00:00\",\"description\":\"Verdon a participat la ac\u021biunea de \u00eemp\u0103durire \u201eSibiul Planteaz\u0103\u201d. Descoper\u0103 cum sus\u021binem ini\u021biativele ecologice \u0219i implicarea comunitar\u0103 pentru un viitor verde!\",\"breadcrumb\":{\"@id\":\"https:\/\/www.verdon.ro\/blog\/verdon-prezent-la-actiunea-de-impadurire-sibiul-planteaza\/#breadcrumb\"},\"inLanguage\":\"ro-RO\",\"potentialAction\":[{\"@type\":\"ReadAction\",\"target\":[\"https:\/\/www.verdon.ro\/blog\/verdon-prezent-la-actiunea-de-impadurire-sibiul-planteaza\/\"]}]},{\"@type\":\"ImageObject\",\"inLanguage\":\"ro-RO\",\"@id\":\"https:\/\/www.verdon.ro\/blog\/verdon-prezent-la-actiunea-de-impadurire-sibiul-planteaza\/#primaryimage\",\"url\":\"https:\/\/www.verdon.ro\/blog\/wp-content\/uploads\/2019\/04\/sibiul-planteaza-1.jpg\",\"contentUrl\":\"https:\/\/www.verdon.ro\/blog\/wp-content\/uploads\/2019\/04\/sibiul-planteaza-1.jpg\",\"width\":2048,\"height\":1365,\"caption\":\"Verdon, prezent la ac\u021biunea de \u00eemp\u0103durire \u201cSibiul Planteaz\u0103\u201d\"},{\"@type\":\"BreadcrumbList\",\"@id\":\"https:\/\/www.verdon.ro\/blog\/verdon-prezent-la-actiunea-de-impadurire-sibiul-planteaza\/#breadcrumb\",\"itemListElement\":[{\"@type\":\"ListItem\",\"position\":1,\"name\":\"Prima pagin\u0103\",\"item\":\"https:\/\/www.verdon.ro\/blog\/\"},{\"@type\":\"ListItem\",\"position\":2,\"name\":\"Verdon, prezent la ac\u021biunea de \u00eemp\u0103durire \u201cSibiul Planteaz\u0103\u201d\"}]},{\"@type\":\"WebSite\",\"@id\":\"https:\/\/www.verdon.ro\/blog\/#website\",\"url\":\"https:\/\/www.verdon.ro\/blog\/\",\"name\":\"Blog Verdon \u2013 Sfaturi \u0219i solu\u021bii pentru agricultur\u0103, gr\u0103din\u0103rit \u0219i protec\u021bia plantelor\",\"description\":\"Articole despre agricultura, casa si gradina, pet shop, ooutdoor, intretinerea gazonului. Nimeni nu stie mai mult decat o comunitate de stiutori.\",\"publisher\":{\"@id\":\"https:\/\/www.verdon.ro\/blog\/#organization\"},\"potentialAction\":[{\"@type\":\"SearchAction\",\"target\":{\"@type\":\"EntryPoint\",\"urlTemplate\":\"https:\/\/www.verdon.ro\/blog\/?s={search_term_string}\"},\"query-input\":{\"@type\":\"PropertyValueSpecification\",\"valueRequired\":true,\"valueName\":\"search_term_string\"}}],\"inLanguage\":\"ro-RO\"},{\"@type\":\"Organization\",\"@id\":\"https:\/\/www.verdon.ro\/blog\/#organization\",\"name\":\"verdon.ro\",\"url\":\"https:\/\/www.verdon.ro\/blog\/\",\"logo\":{\"@type\":\"ImageObject\",\"inLanguage\":\"ro-RO\",\"@id\":\"https:\/\/www.verdon.ro\/blog\/#\/schema\/logo\/image\/\",\"url\":\"https:\/\/www.verdon.ro\/blog\/wp-content\/uploads\/2024\/11\/logo-verdon.svg\",\"contentUrl\":\"https:\/\/www.verdon.ro\/blog\/wp-content\/uploads\/2024\/11\/logo-verdon.svg\",\"width\":456,\"height\":133,\"caption\":\"verdon.ro\"},\"image\":{\"@id\":\"https:\/\/www.verdon.ro\/blog\/#\/schema\/logo\/image\/\"},\"sameAs\":[\"https:\/\/www.facebook.com\/verdon.ro\"]},{\"@type\":\"Person\",\"@id\":\"https:\/\/www.verdon.ro\/blog\/#\/schema\/person\/10ded2b004fbb32d6ba84fb083389759\",\"name\":\"Verdon\",\"image\":{\"@type\":\"ImageObject\",\"inLanguage\":\"ro-RO\",\"@id\":\"https:\/\/www.verdon.ro\/blog\/#\/schema\/person\/image\/\",\"url\":\"https:\/\/secure.gravatar.com\/avatar\/2a9db2c5409d30cd5f14b8a57df3a65c6e8496b2bb13ef7be2bb45c84b2d0b71?s=96&d=mm&r=g\",\"contentUrl\":\"https:\/\/secure.gravatar.com\/avatar\/2a9db2c5409d30cd5f14b8a57df3a65c6e8496b2bb13ef7be2bb45c84b2d0b71?s=96&d=mm&r=g\",\"caption\":\"Verdon\"},\"url\":\"https:\/\/www.verdon.ro\/blog\/author\/admin\/\"}]}<\/script>\n<!-- \/ Yoast SEO Premium plugin. -->","yoast_head_json":{"title":"Verdon, prezent la ac\u021biunea de \u00eemp\u0103durire \u201cSibiul Planteaz\u0103\u201d - verdon.ro blog","description":"Verdon a participat la ac\u021biunea de \u00eemp\u0103durire \u201eSibiul Planteaz\u0103\u201d. Descoper\u0103 cum sus\u021binem ini\u021biativele ecologice \u0219i implicarea comunitar\u0103 pentru un viitor verde!","robots":{"index":"index","follow":"follow","max-snippet":"max-snippet:-1","max-image-preview":"max-image-preview:large","max-video-preview":"max-video-preview:-1"},"canonical":"https:\/\/www.verdon.ro\/blog\/verdon-prezent-la-actiunea-de-impadurire-sibiul-planteaza\/","og_locale":"ro_RO","og_type":"article","og_title":"Verdon, prezent la ac\u021biunea de \u00eemp\u0103durire \u201cSibiul Planteaz\u0103\u201d","og_description":"Verdon a participat la ac\u021biunea de \u00eemp\u0103durire \u201eSibiul Planteaz\u0103\u201d. Descoper\u0103 cum sus\u021binem ini\u021biativele ecologice \u0219i implicarea comunitar\u0103 pentru un viitor verde!","og_url":"https:\/\/www.verdon.ro\/blog\/verdon-prezent-la-actiunea-de-impadurire-sibiul-planteaza\/","og_site_name":"verdon.ro blog","article_publisher":"https:\/\/www.facebook.com\/verdon.ro","article_published_time":"2019-04-05T12:06:44+00:00","article_modified_time":"2024-11-28T12:34:51+00:00","og_image":[{"width":2048,"height":1365,"url":"https:\/\/www.verdon.ro\/blog\/wp-content\/uploads\/2019\/04\/sibiul-planteaza-1.jpg","type":"image\/jpeg"}],"author":"Verdon","twitter_card":"summary_large_image","twitter_misc":{"Scris de":"Verdon","Timp estimat pentru citire":"3 minute"},"schema":{"@context":"https:\/\/schema.org","@graph":[{"@type":"Article","@id":"https:\/\/www.verdon.ro\/blog\/verdon-prezent-la-actiunea-de-impadurire-sibiul-planteaza\/#article","isPartOf":{"@id":"https:\/\/www.verdon.ro\/blog\/verdon-prezent-la-actiunea-de-impadurire-sibiul-planteaza\/"},"author":{"name":"Verdon","@id":"https:\/\/www.verdon.ro\/blog\/#\/schema\/person\/10ded2b004fbb32d6ba84fb083389759"},"headline":"Verdon, prezent la ac\u021biunea de \u00eemp\u0103durire \u201cSibiul Planteaz\u0103\u201d","datePublished":"2019-04-05T12:06:44+00:00","dateModified":"2024-11-28T12:34:51+00:00","mainEntityOfPage":{"@id":"https:\/\/www.verdon.ro\/blog\/verdon-prezent-la-actiunea-de-impadurire-sibiul-planteaza\/"},"wordCount":580,"commentCount":0,"publisher":{"@id":"https:\/\/www.verdon.ro\/blog\/#organization"},"image":{"@id":"https:\/\/www.verdon.ro\/blog\/verdon-prezent-la-actiunea-de-impadurire-sibiul-planteaza\/#primaryimage"},"thumbnailUrl":"https:\/\/www.verdon.ro\/blog\/wp-content\/uploads\/2019\/04\/sibiul-planteaza-1.jpg","keywords":["impadurire","plantare copaci","sibiul planteaz\u0103","voluntariat"],"articleSection":["General"],"inLanguage":"ro-RO","potentialAction":[{"@type":"CommentAction","name":"Comment","target":["https:\/\/www.verdon.ro\/blog\/verdon-prezent-la-actiunea-de-impadurire-sibiul-planteaza\/#respond"]}]},{"@type":"WebPage","@id":"https:\/\/www.verdon.ro\/blog\/verdon-prezent-la-actiunea-de-impadurire-sibiul-planteaza\/","url":"https:\/\/www.verdon.ro\/blog\/verdon-prezent-la-actiunea-de-impadurire-sibiul-planteaza\/","name":"Verdon, prezent la ac\u021biunea de \u00eemp\u0103durire \u201cSibiul Planteaz\u0103\u201d - verdon.ro blog","isPartOf":{"@id":"https:\/\/www.verdon.ro\/blog\/#website"},"primaryImageOfPage":{"@id":"https:\/\/www.verdon.ro\/blog\/verdon-prezent-la-actiunea-de-impadurire-sibiul-planteaza\/#primaryimage"},"image":{"@id":"https:\/\/www.verdon.ro\/blog\/verdon-prezent-la-actiunea-de-impadurire-sibiul-planteaza\/#primaryimage"},"thumbnailUrl":"https:\/\/www.verdon.ro\/blog\/wp-content\/uploads\/2019\/04\/sibiul-planteaza-1.jpg","datePublished":"2019-04-05T12:06:44+00:00","dateModified":"2024-11-28T12:34:51+00:00","description":"Verdon a participat la ac\u021biunea de \u00eemp\u0103durire \u201eSibiul Planteaz\u0103\u201d. Descoper\u0103 cum sus\u021binem ini\u021biativele ecologice \u0219i implicarea comunitar\u0103 pentru un viitor verde!","breadcrumb":{"@id":"https:\/\/www.verdon.ro\/blog\/verdon-prezent-la-actiunea-de-impadurire-sibiul-planteaza\/#breadcrumb"},"inLanguage":"ro-RO","potentialAction":[{"@type":"ReadAction","target":["https:\/\/www.verdon.ro\/blog\/verdon-prezent-la-actiunea-de-impadurire-sibiul-planteaza\/"]}]},{"@type":"ImageObject","inLanguage":"ro-RO","@id":"https:\/\/www.verdon.ro\/blog\/verdon-prezent-la-actiunea-de-impadurire-sibiul-planteaza\/#primaryimage","url":"https:\/\/www.verdon.ro\/blog\/wp-content\/uploads\/2019\/04\/sibiul-planteaza-1.jpg","contentUrl":"https:\/\/www.verdon.ro\/blog\/wp-content\/uploads\/2019\/04\/sibiul-planteaza-1.jpg","width":2048,"height":1365,"caption":"Verdon, prezent la ac\u021biunea de \u00eemp\u0103durire \u201cSibiul Planteaz\u0103\u201d"},{"@type":"BreadcrumbList","@id":"https:\/\/www.verdon.ro\/blog\/verdon-prezent-la-actiunea-de-impadurire-sibiul-planteaza\/#breadcrumb","itemListElement":[{"@type":"ListItem","position":1,"name":"Prima pagin\u0103","item":"https:\/\/www.verdon.ro\/blog\/"},{"@type":"ListItem","position":2,"name":"Verdon, prezent la ac\u021biunea de \u00eemp\u0103durire \u201cSibiul Planteaz\u0103\u201d"}]},{"@type":"WebSite","@id":"https:\/\/www.verdon.ro\/blog\/#website","url":"https:\/\/www.verdon.ro\/blog\/","name":"Blog Verdon \u2013 Sfaturi \u0219i solu\u021bii pentru agricultur\u0103, gr\u0103din\u0103rit \u0219i protec\u021bia plantelor","description":"Articole despre agricultura, casa si gradina, pet shop, ooutdoor, intretinerea gazonului. Nimeni nu stie mai mult decat o comunitate de stiutori.","publisher":{"@id":"https:\/\/www.verdon.ro\/blog\/#organization"},"potentialAction":[{"@type":"SearchAction","target":{"@type":"EntryPoint","urlTemplate":"https:\/\/www.verdon.ro\/blog\/?s={search_term_string}"},"query-input":{"@type":"PropertyValueSpecification","valueRequired":true,"valueName":"search_term_string"}}],"inLanguage":"ro-RO"},{"@type":"Organization","@id":"https:\/\/www.verdon.ro\/blog\/#organization","name":"verdon.ro","url":"https:\/\/www.verdon.ro\/blog\/","logo":{"@type":"ImageObject","inLanguage":"ro-RO","@id":"https:\/\/www.verdon.ro\/blog\/#\/schema\/logo\/image\/","url":"https:\/\/www.verdon.ro\/blog\/wp-content\/uploads\/2024\/11\/logo-verdon.svg","contentUrl":"https:\/\/www.verdon.ro\/blog\/wp-content\/uploads\/2024\/11\/logo-verdon.svg","width":456,"height":133,"caption":"verdon.ro"},"image":{"@id":"https:\/\/www.verdon.ro\/blog\/#\/schema\/logo\/image\/"},"sameAs":["https:\/\/www.facebook.com\/verdon.ro"]},{"@type":"Person","@id":"https:\/\/www.verdon.ro\/blog\/#\/schema\/person\/10ded2b004fbb32d6ba84fb083389759","name":"Verdon","image":{"@type":"ImageObject","inLanguage":"ro-RO","@id":"https:\/\/www.verdon.ro\/blog\/#\/schema\/person\/image\/","url":"https:\/\/secure.gravatar.com\/avatar\/2a9db2c5409d30cd5f14b8a57df3a65c6e8496b2bb13ef7be2bb45c84b2d0b71?s=96&d=mm&r=g","contentUrl":"https:\/\/secure.gravatar.com\/avatar\/2a9db2c5409d30cd5f14b8a57df3a65c6e8496b2bb13ef7be2bb45c84b2d0b71?s=96&d=mm&r=g","caption":"Verdon"},"url":"https:\/\/www.verdon.ro\/blog\/author\/admin\/"}]}},"views":1076,"_links":{"self":[{"href":"https:\/\/www.verdon.ro\/blog\/wp-json\/wp\/v2\/posts\/753","targetHints":{"allow":["GET"]}}],"collection":[{"href":"https:\/\/www.verdon.ro\/blog\/wp-json\/wp\/v2\/posts"}],"about":[{"href":"https:\/\/www.verdon.ro\/blog\/wp-json\/wp\/v2\/types\/post"}],"author":[{"embeddable":true,"href":"https:\/\/www.verdon.ro\/blog\/wp-json\/wp\/v2\/users\/1"}],"replies":[{"embeddable":true,"href":"https:\/\/www.verdon.ro\/blog\/wp-json\/wp\/v2\/comments?post=753"}],"version-history":[{"count":5,"href":"https:\/\/www.verdon.ro\/blog\/wp-json\/wp\/v2\/posts\/753\/revisions"}],"predecessor-version":[{"id":22538,"href":"https:\/\/www.verdon.ro\/blog\/wp-json\/wp\/v2\/posts\/753\/revisions\/22538"}],"wp:featuredmedia":[{"embeddable":true,"href":"https:\/\/www.verdon.ro\/blog\/wp-json\/wp\/v2\/media\/754"}],"wp:attachment":[{"href":"https:\/\/www.verdon.ro\/blog\/wp-json\/wp\/v2\/media?parent=753"}],"wp:term":[{"taxonomy":"category","embeddable":true,"href":"https:\/\/www.verdon.ro\/blog\/wp-json\/wp\/v2\/categories?post=753"},{"taxonomy":"post_tag","embeddable":true,"href":"https:\/\/www.verdon.ro\/blog\/wp-json\/wp\/v2\/tags?post=753"}],"curies":[{"name":"wp","href":"https:\/\/api.w.org\/{rel}","templated":true}]}}